{"id":2044,"date":"2024-10-21T00:00:00","date_gmt":"2024-10-21T00:00:00","guid":{"rendered":"https:\/\/www.siciltillersrl.com\/2024\/10\/21\/wir-sehen-uns-auf-der-eima\/"},"modified":"2024-11-28T13:06:54","modified_gmt":"2024-11-28T13:06:54","slug":"wir-sehen-uns-auf-der-eima","status":"publish","type":"post","link":"https:\/\/www.siciltillersrl.com\/de\/2024\/10\/21\/wir-sehen-uns-auf-der-eima\/","title":{"rendered":"Wir sehen uns auf der EIMA!"},"content":{"rendered":"\n<h2 class=\"wp-block-heading\"><strong>S.i.c.iltiller auf der EIMA 2024<\/strong><\/h2>\n\n<p class=\"wp-block-paragraph\">In diesem Jahr bringen wir <strong>eine exklusive Premiere<\/strong> mit, die verspricht, die Saatgutindustrie zu revolutionieren: das <strong>neue FALCO-SEED<\/strong>, unsere neueste technologische Innovation, die auf die Bed\u00fcrfnisse moderner Landwirte zugeschnitten ist und die Standards f\u00fcr Effizienz und Pr\u00e4zision neu definiert.<\/p>\n\n<p class=\"wp-block-paragraph\">Wir freuen uns darauf, Sie in <strong>Halle 32, Stand B-14<\/strong>, zu sehen, um gemeinsam die Zukunft der Landwirtschaft zu entdecken.<\/p>\n\n<figure class=\"wp-block-image size-large\"><img fetchpriority=\"high\" decoding=\"async\" width=\"1024\" height=\"632\" src=\"https:\/\/www.siciltillersrl.com\/wp-content\/uploads\/2024\/11\/Falco-scontornato-2-e1728629474214-1024x632.png\" alt=\"\" class=\"wp-image-29\" srcset=\"https:\/\/www.siciltillersrl.com\/wp-content\/uploads\/2024\/11\/Falco-scontornato-2-e1728629474214-1024x632.png 1024w, https:\/\/www.siciltillersrl.com\/wp-content\/uploads\/2024\/11\/Falco-scontornato-2-e1728629474214-300x185.png 300w, https:\/\/www.siciltillersrl.com\/wp-content\/uploads\/2024\/11\/Falco-scontornato-2-e1728629474214-768x474.png 768w, https:\/\/www.siciltillersrl.com\/wp-content\/uploads\/2024\/11\/Falco-scontornato-2-e1728629474214.png 1029w\" sizes=\"(max-width: 1024px) 100vw, 1024px\" \/><\/figure>\n\n<p class=\"wp-block-paragraph\"><strong>FALCO-SEED: Innovation, die z\u00e4hlt<\/strong><\/p>\n\n<p class=\"wp-block-paragraph\">Der FALCO-SEED ist das Ergebnis jahrelanger Forschung und Entwicklung, um die wachsenden Anforderungen einer sich st\u00e4ndig weiterentwickelnden Industrie zu erf\u00fcllen. <strong>Hohe Leistung, Zuverl\u00e4ssigkeit und Benutzerfreundlichkeit<\/strong> sind nur einige der Merkmale, die diese hochmoderne Maschine auszeichnen.<\/p>\n\n<h4 class=\"wp-block-heading\"><strong>Hauptmerkmale:<\/strong><\/h4>\n\n<p class=\"wp-block-paragraph\"><strong>Anpassungsf\u00e4higkeit an verschiedene Kulturen:<\/strong> Die Vielseitigkeit von FALCO-SEED macht es ideal f\u00fcr eine breite Palette von Kulturen und gew\u00e4hrleistet in jedem Zusammenhang hervorragende Ergebnisse.<\/p>\n\n<p class=\"wp-block-paragraph\"><\/p>\n\n<p class=\"wp-block-paragraph\">Die EIMA International ist seit jeher ein globales Schaufenster f\u00fcr technologische Innovationen im Agrarsektor, aber sie ist auch eine Gelegenheit, die Leidenschaft und das Engagement derjenigen zu feiern, die das Land bearbeiten. S.i.c.iltiller teilt diese Werte und hat sich verpflichtet, L\u00f6sungen anzubieten, die die t\u00e4gliche Arbeit der Landwirte vereinfachen und verbessern.<\/p>\n\n<h3 class=\"wp-block-heading\"><strong>Merken Sie sich die Termine vor!<\/strong><\/h3>\n\n<p class=\"wp-block-paragraph\">Verpassen Sie diese besondere Gelegenheit nicht. <strong>Vom 6. bis 10. November 2024<\/strong> freuen wir uns darauf, Sie in <strong>Halle 32, Stand B-14<\/strong>, zu sehen, um Ihnen alles zu zeigen, was wir f\u00fcr Sie vorbereitet haben.<\/p>\n\n<p class=\"wp-block-paragraph\">Bringen Sie Neugier, Fragen und den Wunsch mit, ein Produkt zu entdecken, das die Art und Weise, wie Sie s\u00e4en, ver\u00e4ndern wird.  <strong>Es wird eine einzigartige Gelegenheit sein, sich pers\u00f6nlich zu treffen, Ideen auszutauschen und gemeinsam die Neuheiten zu entdecken, die wir f\u00fcr Sie vorbereitet haben. Wir freuen uns darauf, Sie willkommen zu hei\u00dfen und Ihnen ein einzigartiges Erlebnis zu bieten.<\/strong><\/p>\n\n<p class=\"wp-block-paragraph\"><\/p>\n\n<p class=\"wp-block-paragraph\"><\/p>\n\n<figure class=\"wp-block-image aligncenter size-large is-resized\"><img decoding=\"async\" width=\"1024\" height=\"438\" src=\"https:\/\/www.siciltillersrl.com\/wp-content\/uploads\/2024\/11\/Eima.png-1024x438.jpg\" alt=\"\" class=\"wp-image-584\" style=\"width:436px;height:auto\" srcset=\"https:\/\/www.siciltillersrl.com\/wp-content\/uploads\/2024\/11\/Eima.png-1024x438.jpg 1024w, https:\/\/www.siciltillersrl.com\/wp-content\/uploads\/2024\/11\/Eima.png-300x128.jpg 300w, https:\/\/www.siciltillersrl.com\/wp-content\/uploads\/2024\/11\/Eima.png-768x328.jpg 768w, https:\/\/www.siciltillersrl.com\/wp-content\/uploads\/2024\/11\/Eima.png.jpg 1462w\" sizes=\"(max-width: 1024px) 100vw, 1024px\" \/><\/figure>\n","protected":false},"excerpt":{"rendered":"<p>S.i.c.iltiller auf der EIMA 2024 In diesem Jahr bringen wir eine exklusive Premiere mit, die verspricht, die Saatgutindustrie zu revolutionieren: das neue FALCO-SEED, unsere neueste technologische Innovation, die auf die Bed\u00fcrfnisse moderner Landwirte zugeschnitten ist und die Standards f\u00fcr Effizienz und Pr\u00e4zision neu definiert. Wir freuen uns darauf, Sie in Halle 32, Stand B-14, zu [&hellip;]<\/p>\n","protected":false},"author":1,"featured_media":1728,"comment_status":"open","ping_status":"open","sticky":false,"template":"","format":"standard","meta":{"_acf_changed":false,"footnotes":""},"categories":[31],"tags":[],"class_list":["post-2044","post","type-post","status-publish","format-standard","has-post-thumbnail","hentry","category-unkategorisiert"],"acf":[],"yoast_head":"<!-- This site is optimized with the Yoast SEO Premium plugin v24.0 (Yoast SEO v24.0) - https:\/\/yoast.com\/wordpress\/plugins\/seo\/ -->\n<title>Wir sehen uns auf der EIMA! - Siciltiller SRL<\/title>\n<meta name=\"robots\" content=\"index, follow, max-snippet:-1, max-image-preview:large, max-video-preview:-1\" \/>\n<link rel=\"canonical\" href=\"https:\/\/www.siciltillersrl.com\/de\/2024\/10\/21\/wir-sehen-uns-auf-der-eima\/\" \/>\n<meta property=\"og:locale\" content=\"de_DE\" \/>\n<meta property=\"og:type\" content=\"article\" \/>\n<meta property=\"og:title\" content=\"Wir sehen uns auf der EIMA!\" \/>\n<meta property=\"og:description\" content=\"S.i.c.iltiller auf der EIMA 2024 In diesem Jahr bringen wir eine exklusive Premiere mit, die verspricht, die Saatgutindustrie zu revolutionieren: das neue FALCO-SEED, unsere neueste technologische Innovation, die auf die Bed\u00fcrfnisse moderner Landwirte zugeschnitten ist und die Standards f\u00fcr Effizienz und Pr\u00e4zision neu definiert. Wir freuen uns darauf, Sie in Halle 32, Stand B-14, zu [&hellip;]\" \/>\n<meta property=\"og:url\" content=\"https:\/\/www.siciltillersrl.com\/de\/2024\/10\/21\/wir-sehen-uns-auf-der-eima\/\" \/>\n<meta property=\"og:site_name\" content=\"Siciltiller SRL\" \/>\n<meta property=\"article:published_time\" content=\"2024-10-21T00:00:00+00:00\" \/>\n<meta property=\"article:modified_time\" content=\"2024-11-28T13:06:54+00:00\" \/>\n<meta property=\"og:image\" content=\"https:\/\/www.siciltillersrl.com\/wp-content\/uploads\/2024\/11\/Eima.png.jpg\" \/>\n\t<meta property=\"og:image:width\" content=\"1462\" \/>\n\t<meta property=\"og:image:height\" content=\"625\" \/>\n\t<meta property=\"og:image:type\" content=\"image\/jpeg\" \/>\n<meta name=\"author\" content=\"Siciltiller Srl\" \/>\n<meta name=\"twitter:card\" content=\"summary_large_image\" \/>\n<meta name=\"twitter:label1\" content=\"Verfasst von\" \/>\n\t<meta name=\"twitter:data1\" content=\"Siciltiller Srl\" \/>\n\t<meta name=\"twitter:label2\" content=\"Gesch\u00e4tzte Lesezeit\" \/>\n\t<meta name=\"twitter:data2\" content=\"2\u00a0Minuten\" \/>\n<script type=\"application\/ld+json\" class=\"yoast-schema-graph\">{\"@context\":\"https:\/\/schema.org\",\"@graph\":[{\"@type\":\"Article\",\"@id\":\"https:\/\/www.siciltillersrl.com\/de\/2024\/10\/21\/wir-sehen-uns-auf-der-eima\/#article\",\"isPartOf\":{\"@id\":\"https:\/\/www.siciltillersrl.com\/de\/2024\/10\/21\/wir-sehen-uns-auf-der-eima\/\"},\"author\":{\"name\":\"Siciltiller Srl\",\"@id\":\"https:\/\/www.siciltillersrl.com\/de\/#\/schema\/person\/639943330c768951f839a88290b4b880\"},\"headline\":\"Wir sehen uns auf der EIMA!\",\"datePublished\":\"2024-10-21T00:00:00+00:00\",\"dateModified\":\"2024-11-28T13:06:54+00:00\",\"mainEntityOfPage\":{\"@id\":\"https:\/\/www.siciltillersrl.com\/de\/2024\/10\/21\/wir-sehen-uns-auf-der-eima\/\"},\"wordCount\":306,\"commentCount\":0,\"publisher\":{\"@id\":\"https:\/\/www.siciltillersrl.com\/de\/#organization\"},\"image\":{\"@id\":\"https:\/\/www.siciltillersrl.com\/de\/2024\/10\/21\/wir-sehen-uns-auf-der-eima\/#primaryimage\"},\"thumbnailUrl\":\"https:\/\/www.siciltillersrl.com\/wp-content\/uploads\/2024\/11\/Eima.png.jpg\",\"articleSection\":[\"Unkategorisiert\"],\"inLanguage\":\"de\",\"potentialAction\":[{\"@type\":\"CommentAction\",\"name\":\"Comment\",\"target\":[\"https:\/\/www.siciltillersrl.com\/de\/2024\/10\/21\/wir-sehen-uns-auf-der-eima\/#respond\"]}]},{\"@type\":\"WebPage\",\"@id\":\"https:\/\/www.siciltillersrl.com\/de\/2024\/10\/21\/wir-sehen-uns-auf-der-eima\/\",\"url\":\"https:\/\/www.siciltillersrl.com\/de\/2024\/10\/21\/wir-sehen-uns-auf-der-eima\/\",\"name\":\"Wir sehen uns auf der EIMA! - Siciltiller SRL\",\"isPartOf\":{\"@id\":\"https:\/\/www.siciltillersrl.com\/de\/#website\"},\"primaryImageOfPage\":{\"@id\":\"https:\/\/www.siciltillersrl.com\/de\/2024\/10\/21\/wir-sehen-uns-auf-der-eima\/#primaryimage\"},\"image\":{\"@id\":\"https:\/\/www.siciltillersrl.com\/de\/2024\/10\/21\/wir-sehen-uns-auf-der-eima\/#primaryimage\"},\"thumbnailUrl\":\"https:\/\/www.siciltillersrl.com\/wp-content\/uploads\/2024\/11\/Eima.png.jpg\",\"datePublished\":\"2024-10-21T00:00:00+00:00\",\"dateModified\":\"2024-11-28T13:06:54+00:00\",\"breadcrumb\":{\"@id\":\"https:\/\/www.siciltillersrl.com\/de\/2024\/10\/21\/wir-sehen-uns-auf-der-eima\/#breadcrumb\"},\"inLanguage\":\"de\",\"potentialAction\":[{\"@type\":\"ReadAction\",\"target\":[\"https:\/\/www.siciltillersrl.com\/de\/2024\/10\/21\/wir-sehen-uns-auf-der-eima\/\"]}]},{\"@type\":\"ImageObject\",\"inLanguage\":\"de\",\"@id\":\"https:\/\/www.siciltillersrl.com\/de\/2024\/10\/21\/wir-sehen-uns-auf-der-eima\/#primaryimage\",\"url\":\"https:\/\/www.siciltillersrl.com\/wp-content\/uploads\/2024\/11\/Eima.png.jpg\",\"contentUrl\":\"https:\/\/www.siciltillersrl.com\/wp-content\/uploads\/2024\/11\/Eima.png.jpg\",\"width\":1462,\"height\":625},{\"@type\":\"BreadcrumbList\",\"@id\":\"https:\/\/www.siciltillersrl.com\/de\/2024\/10\/21\/wir-sehen-uns-auf-der-eima\/#breadcrumb\",\"itemListElement\":[{\"@type\":\"ListItem\",\"position\":1,\"name\":\"Home\",\"item\":\"https:\/\/www.siciltillersrl.com\/de\/startseite\/\"},{\"@type\":\"ListItem\",\"position\":2,\"name\":\"Wir sehen uns auf der EIMA!\"}]},{\"@type\":\"WebSite\",\"@id\":\"https:\/\/www.siciltillersrl.com\/de\/#website\",\"url\":\"https:\/\/www.siciltillersrl.com\/de\/\",\"name\":\"Siciltiller SRL\",\"description\":\"Ribera\",\"publisher\":{\"@id\":\"https:\/\/www.siciltillersrl.com\/de\/#organization\"},\"potentialAction\":[{\"@type\":\"SearchAction\",\"target\":{\"@type\":\"EntryPoint\",\"urlTemplate\":\"https:\/\/www.siciltillersrl.com\/de\/?s={search_term_string}\"},\"query-input\":{\"@type\":\"PropertyValueSpecification\",\"valueRequired\":true,\"valueName\":\"search_term_string\"}}],\"inLanguage\":\"de\"},{\"@type\":[\"Organization\",\"Place\"],\"@id\":\"https:\/\/www.siciltillersrl.com\/de\/#organization\",\"name\":\"Siciltiller SRL\",\"url\":\"https:\/\/www.siciltillersrl.com\/de\/\",\"logo\":{\"@id\":\"https:\/\/www.siciltillersrl.com\/de\/2024\/10\/21\/wir-sehen-uns-auf-der-eima\/#local-main-organization-logo\"},\"image\":{\"@id\":\"https:\/\/www.siciltillersrl.com\/de\/2024\/10\/21\/wir-sehen-uns-auf-der-eima\/#local-main-organization-logo\"},\"telephone\":[],\"openingHoursSpecification\":[{\"@type\":\"OpeningHoursSpecification\",\"dayOfWeek\":[\"Monday\",\"Tuesday\",\"Wednesday\",\"Thursday\",\"Friday\",\"Saturday\",\"Sunday\"],\"opens\":\"09:00\",\"closes\":\"17:00\"}]},{\"@type\":\"Person\",\"@id\":\"https:\/\/www.siciltillersrl.com\/de\/#\/schema\/person\/639943330c768951f839a88290b4b880\",\"name\":\"Siciltiller Srl\",\"image\":{\"@type\":\"ImageObject\",\"inLanguage\":\"de\",\"@id\":\"https:\/\/www.siciltillersrl.com\/de\/#\/schema\/person\/image\/\",\"url\":\"https:\/\/secure.gravatar.com\/avatar\/86b27befb0ac4e8bee17f957f6a8beaf24c984a4adbf2ba58d3321c0b81aa3c6?s=96&d=mm&r=g\",\"contentUrl\":\"https:\/\/secure.gravatar.com\/avatar\/86b27befb0ac4e8bee17f957f6a8beaf24c984a4adbf2ba58d3321c0b81aa3c6?s=96&d=mm&r=g\",\"caption\":\"Siciltiller Srl\"},\"sameAs\":[\"https:\/\/www.siciltillersrl.com\"],\"url\":\"https:\/\/www.siciltillersrl.com\/de\/author\/siciltiller-srl\/\"},{\"@type\":\"ImageObject\",\"inLanguage\":\"de\",\"@id\":\"https:\/\/www.siciltillersrl.com\/de\/2024\/10\/21\/wir-sehen-uns-auf-der-eima\/#local-main-organization-logo\",\"url\":\"https:\/\/www.siciltillersrl.com\/wp-content\/uploads\/2024\/11\/Siciltiller-oogo-png-e1727855656305.png\",\"contentUrl\":\"https:\/\/www.siciltillersrl.com\/wp-content\/uploads\/2024\/11\/Siciltiller-oogo-png-e1727855656305.png\",\"width\":2000,\"height\":470,\"caption\":\"Siciltiller SRL\"}]}<\/script>\n<!-- \/ Yoast SEO Premium plugin. -->","yoast_head_json":{"title":"Wir sehen uns auf der EIMA! - Siciltiller SRL","robots":{"index":"index","follow":"follow","max-snippet":"max-snippet:-1","max-image-preview":"max-image-preview:large","max-video-preview":"max-video-preview:-1"},"canonical":"https:\/\/www.siciltillersrl.com\/de\/2024\/10\/21\/wir-sehen-uns-auf-der-eima\/","og_locale":"de_DE","og_type":"article","og_title":"Wir sehen uns auf der EIMA!","og_description":"S.i.c.iltiller auf der EIMA 2024 In diesem Jahr bringen wir eine exklusive Premiere mit, die verspricht, die Saatgutindustrie zu revolutionieren: das neue FALCO-SEED, unsere neueste technologische Innovation, die auf die Bed\u00fcrfnisse moderner Landwirte zugeschnitten ist und die Standards f\u00fcr Effizienz und Pr\u00e4zision neu definiert. Wir freuen uns darauf, Sie in Halle 32, Stand B-14, zu [&hellip;]","og_url":"https:\/\/www.siciltillersrl.com\/de\/2024\/10\/21\/wir-sehen-uns-auf-der-eima\/","og_site_name":"Siciltiller SRL","article_published_time":"2024-10-21T00:00:00+00:00","article_modified_time":"2024-11-28T13:06:54+00:00","og_image":[{"width":1462,"height":625,"url":"https:\/\/www.siciltillersrl.com\/wp-content\/uploads\/2024\/11\/Eima.png.jpg","type":"image\/jpeg"}],"author":"Siciltiller Srl","twitter_card":"summary_large_image","twitter_misc":{"Verfasst von":"Siciltiller Srl","Gesch\u00e4tzte Lesezeit":"2\u00a0Minuten"},"schema":{"@context":"https:\/\/schema.org","@graph":[{"@type":"Article","@id":"https:\/\/www.siciltillersrl.com\/de\/2024\/10\/21\/wir-sehen-uns-auf-der-eima\/#article","isPartOf":{"@id":"https:\/\/www.siciltillersrl.com\/de\/2024\/10\/21\/wir-sehen-uns-auf-der-eima\/"},"author":{"name":"Siciltiller Srl","@id":"https:\/\/www.siciltillersrl.com\/de\/#\/schema\/person\/639943330c768951f839a88290b4b880"},"headline":"Wir sehen uns auf der EIMA!","datePublished":"2024-10-21T00:00:00+00:00","dateModified":"2024-11-28T13:06:54+00:00","mainEntityOfPage":{"@id":"https:\/\/www.siciltillersrl.com\/de\/2024\/10\/21\/wir-sehen-uns-auf-der-eima\/"},"wordCount":306,"commentCount":0,"publisher":{"@id":"https:\/\/www.siciltillersrl.com\/de\/#organization"},"image":{"@id":"https:\/\/www.siciltillersrl.com\/de\/2024\/10\/21\/wir-sehen-uns-auf-der-eima\/#primaryimage"},"thumbnailUrl":"https:\/\/www.siciltillersrl.com\/wp-content\/uploads\/2024\/11\/Eima.png.jpg","articleSection":["Unkategorisiert"],"inLanguage":"de","potentialAction":[{"@type":"CommentAction","name":"Comment","target":["https:\/\/www.siciltillersrl.com\/de\/2024\/10\/21\/wir-sehen-uns-auf-der-eima\/#respond"]}]},{"@type":"WebPage","@id":"https:\/\/www.siciltillersrl.com\/de\/2024\/10\/21\/wir-sehen-uns-auf-der-eima\/","url":"https:\/\/www.siciltillersrl.com\/de\/2024\/10\/21\/wir-sehen-uns-auf-der-eima\/","name":"Wir sehen uns auf der EIMA! - Siciltiller SRL","isPartOf":{"@id":"https:\/\/www.siciltillersrl.com\/de\/#website"},"primaryImageOfPage":{"@id":"https:\/\/www.siciltillersrl.com\/de\/2024\/10\/21\/wir-sehen-uns-auf-der-eima\/#primaryimage"},"image":{"@id":"https:\/\/www.siciltillersrl.com\/de\/2024\/10\/21\/wir-sehen-uns-auf-der-eima\/#primaryimage"},"thumbnailUrl":"https:\/\/www.siciltillersrl.com\/wp-content\/uploads\/2024\/11\/Eima.png.jpg","datePublished":"2024-10-21T00:00:00+00:00","dateModified":"2024-11-28T13:06:54+00:00","breadcrumb":{"@id":"https:\/\/www.siciltillersrl.com\/de\/2024\/10\/21\/wir-sehen-uns-auf-der-eima\/#breadcrumb"},"inLanguage":"de","potentialAction":[{"@type":"ReadAction","target":["https:\/\/www.siciltillersrl.com\/de\/2024\/10\/21\/wir-sehen-uns-auf-der-eima\/"]}]},{"@type":"ImageObject","inLanguage":"de","@id":"https:\/\/www.siciltillersrl.com\/de\/2024\/10\/21\/wir-sehen-uns-auf-der-eima\/#primaryimage","url":"https:\/\/www.siciltillersrl.com\/wp-content\/uploads\/2024\/11\/Eima.png.jpg","contentUrl":"https:\/\/www.siciltillersrl.com\/wp-content\/uploads\/2024\/11\/Eima.png.jpg","width":1462,"height":625},{"@type":"BreadcrumbList","@id":"https:\/\/www.siciltillersrl.com\/de\/2024\/10\/21\/wir-sehen-uns-auf-der-eima\/#breadcrumb","itemListElement":[{"@type":"ListItem","position":1,"name":"Home","item":"https:\/\/www.siciltillersrl.com\/de\/startseite\/"},{"@type":"ListItem","position":2,"name":"Wir sehen uns auf der EIMA!"}]},{"@type":"WebSite","@id":"https:\/\/www.siciltillersrl.com\/de\/#website","url":"https:\/\/www.siciltillersrl.com\/de\/","name":"Siciltiller SRL","description":"Ribera","publisher":{"@id":"https:\/\/www.siciltillersrl.com\/de\/#organization"},"potentialAction":[{"@type":"SearchAction","target":{"@type":"EntryPoint","urlTemplate":"https:\/\/www.siciltillersrl.com\/de\/?s={search_term_string}"},"query-input":{"@type":"PropertyValueSpecification","valueRequired":true,"valueName":"search_term_string"}}],"inLanguage":"de"},{"@type":["Organization","Place"],"@id":"https:\/\/www.siciltillersrl.com\/de\/#organization","name":"Siciltiller SRL","url":"https:\/\/www.siciltillersrl.com\/de\/","logo":{"@id":"https:\/\/www.siciltillersrl.com\/de\/2024\/10\/21\/wir-sehen-uns-auf-der-eima\/#local-main-organization-logo"},"image":{"@id":"https:\/\/www.siciltillersrl.com\/de\/2024\/10\/21\/wir-sehen-uns-auf-der-eima\/#local-main-organization-logo"},"telephone":[],"openingHoursSpecification":[{"@type":"OpeningHoursSpecification","dayOfWeek":["Monday","Tuesday","Wednesday","Thursday","Friday","Saturday","Sunday"],"opens":"09:00","closes":"17:00"}]},{"@type":"Person","@id":"https:\/\/www.siciltillersrl.com\/de\/#\/schema\/person\/639943330c768951f839a88290b4b880","name":"Siciltiller Srl","image":{"@type":"ImageObject","inLanguage":"de","@id":"https:\/\/www.siciltillersrl.com\/de\/#\/schema\/person\/image\/","url":"https:\/\/secure.gravatar.com\/avatar\/86b27befb0ac4e8bee17f957f6a8beaf24c984a4adbf2ba58d3321c0b81aa3c6?s=96&d=mm&r=g","contentUrl":"https:\/\/secure.gravatar.com\/avatar\/86b27befb0ac4e8bee17f957f6a8beaf24c984a4adbf2ba58d3321c0b81aa3c6?s=96&d=mm&r=g","caption":"Siciltiller Srl"},"sameAs":["https:\/\/www.siciltillersrl.com"],"url":"https:\/\/www.siciltillersrl.com\/de\/author\/siciltiller-srl\/"},{"@type":"ImageObject","inLanguage":"de","@id":"https:\/\/www.siciltillersrl.com\/de\/2024\/10\/21\/wir-sehen-uns-auf-der-eima\/#local-main-organization-logo","url":"https:\/\/www.siciltillersrl.com\/wp-content\/uploads\/2024\/11\/Siciltiller-oogo-png-e1727855656305.png","contentUrl":"https:\/\/www.siciltillersrl.com\/wp-content\/uploads\/2024\/11\/Siciltiller-oogo-png-e1727855656305.png","width":2000,"height":470,"caption":"Siciltiller SRL"}]}},"_links":{"self":[{"href":"https:\/\/www.siciltillersrl.com\/de\/wp-json\/wp\/v2\/posts\/2044","targetHints":{"allow":["GET"]}}],"collection":[{"href":"https:\/\/www.siciltillersrl.com\/de\/wp-json\/wp\/v2\/posts"}],"about":[{"href":"https:\/\/www.siciltillersrl.com\/de\/wp-json\/wp\/v2\/types\/post"}],"author":[{"embeddable":true,"href":"https:\/\/www.siciltillersrl.com\/de\/wp-json\/wp\/v2\/users\/1"}],"replies":[{"embeddable":true,"href":"https:\/\/www.siciltillersrl.com\/de\/wp-json\/wp\/v2\/comments?post=2044"}],"version-history":[{"count":0,"href":"https:\/\/www.siciltillersrl.com\/de\/wp-json\/wp\/v2\/posts\/2044\/revisions"}],"wp:featuredmedia":[{"embeddable":true,"href":"https:\/\/www.siciltillersrl.com\/de\/wp-json\/wp\/v2\/media\/1728"}],"wp:attachment":[{"href":"https:\/\/www.siciltillersrl.com\/de\/wp-json\/wp\/v2\/media?parent=2044"}],"wp:term":[{"taxonomy":"category","embeddable":true,"href":"https:\/\/www.siciltillersrl.com\/de\/wp-json\/wp\/v2\/categories?post=2044"},{"taxonomy":"post_tag","embeddable":true,"href":"https:\/\/www.siciltillersrl.com\/de\/wp-json\/wp\/v2\/tags?post=2044"}],"curies":[{"name":"wp","href":"https:\/\/api.w.org\/{rel}","templated":true}]}}